{"provider_url": "https://www.vera.mt.leg.br", "title": "S\u00edntese Hist\u00f3rica de Vera", "html": "<p class=\" \" style=\"text-align: justify; \"><span>A cidade de Vera foi o in\u00edcio do projeto de coloniza\u00e7\u00e3o da Sociedade Imobili\u00e1ria Noroeste do Paran\u00e1 (S.I.N.O.P), que mais tarde ficou amplamente conhecida como Colonizadora Sinop, hoje, j\u00e1 com o nome de Grupo Sinop.</span></p>\r\n<p class=\" \" style=\"text-align: justify; \"><span>No in\u00edcio da d\u00e9cada de 1970, o propriet\u00e1rio da imobili\u00e1ria, \u00canio Pipino, vindo do Paran\u00e1, comprou alguns lotes de terra em Mato Grosso. O primeiro foi denominado N\u00facleo Colonial Celeste 1, que foi dividido em tr\u00eas partes. \u00c0 1\u00aa parte deu o nome de Vera, \u00e0 2\u00aa de Santa Carmem e \u00e0 3\u00aa, de Sinop (Sociedade Imobili\u00e1ria Noroeste do Paran\u00e1).\u00a0Alguns anos depois adquirindo mais uma \u00e1rea, chamou de N\u00facleo Colonial Celeste 2, que mais tarde parte dele se tornou a cidade de Cl\u00e1udia, assim finalizando a 4\u00aa parte do projeto N\u00facleo Colonizador Sinop, no m\u00e9dio norte mato-grossense.</span></p>\r\n<p class=\" \" style=\"text-align: justify; \"><span>Em documento, a Colonizadora explica que os nomes femininos da Gleba Celeste, foram dados por \u00canio Pipino e um de seus diretores, Jo\u00e3o Pedro Moreira de Carvalho. Este \u00faltimo, pensou inicialmente em fazer uma analogia com o primeiro nome dado ao Brasil \u201cIlha de Vera Cruz\u201d, uma vez que Vera tamb\u00e9m estava sendo constru\u00edda numa regi\u00e3o desconhecida e foi o primeiro marco de coloniza\u00e7\u00e3o de toda uma regi\u00e3o. Ent\u00e3o junto a isso veio tamb\u00e9m a vontade de homenagear as mulheres trabalhadoras do campo.</span></p>\r\n<p class=\" \" style=\"text-align: right; \"><em><span>\u201cTudo nasceu da mente inspiradora de \u00canio Pipino e Jo\u00e3o Pedro Moreira de Carvalho, preocupados com o conv\u00edcio dos seres humanos e, dentro da pureza de sua cria\u00e7\u00e3o, sensibilizaram a todos \u00e0queles propensos a um ideal de interesse comunit\u00e1rio, e esp\u00edrito p\u00fablico, de senso do trabalho e do dever, de concep\u00e7\u00e3o correta da responsabilidade de ser \u00fatil e prestativo, determinando: que todo loteamento da Gleba Celeste, as cidades, estradas, c\u00f3rregos, ribeir\u00f5es e os bairros recebessem nomes de mulheres e que passariam a fazer parte integrante da hist\u00f3ria do trabalho colonizat\u00f3rio da Colonizadora Sinop S.A; isto em homenagem \u00e0 mulher que, anonimamente presta grandes servi\u00e7os \u00e0s comunidades rurais brasileiras. As mulheres, dentro da pureza de sua cria\u00e7\u00e3o do bem familiar, contribuem, d\u00e3o significado e tornam poss\u00edvel a vis\u00e3o de um futuro de paz e progresso\u201d.</span></em><span></span></p>\r\n<p class=\" \" style=\"text-align: right; \"><span><span>REF: (Colonizadora Sinop, \u201cHist\u00f3ria da Gleba Celeste\u201d. Destacado tamb\u00e9m no livro, \u201cVera a Princesinha do Nort\u00e3o\u201d, de Alexandre Panosso Netto. Pg. 47).</span></span><span></span></p>\r\n<p class=\" \" style=\"text-align: justify; \"><span>\u00a0</span></p>\r\n<p class=\" \" style=\"text-align: justify; \"><strong>Vera foi inaugurada em 27 de julho de 1972, mas elevada \u00e0 categoria de distrito de Chapada dos Guimar\u00e3es em 29 de junho de 1.976, pela Lei n\u00ba 3.755. Depois, pela Lei n\u00ba 4.156 de 17 de dezembro de 1979 tornou-se distrito de Sinop.</strong></p>\r\n<p class=\" \" style=\"text-align: justify; \"><span>Uma figura hist\u00f3rica e \u00edcone desta coloniza\u00e7\u00e3o \u00e9 o padre Ant\u00f4nio Heidler, pessoa que em 1973 levantou a primeira igreja de todos os projetos de coloniza\u00e7\u00e3o de \u00canio Pipino, ele foi o principal personagem da reivindica\u00e7\u00e3o pela emancipa\u00e7\u00e3o do munic\u00edpio j\u00e1 tendo tentado outra vez antes de conseguir definitivamente.</span></p>\r\n<p class=\" \" style=\"text-align: justify; \"><span>O Jesu\u00edta chegou em Vera no dia 18 de mar\u00e7o de 1973, acompanhado pelas Irm\u00e3s mission\u00e1rias, Maria Sturmia, Maria Dorot\u00e9ia, Maria Ada e Maria Adelis. Elas trataram de cuidar da educa\u00e7\u00e3o e sa\u00fade no local. Assumiram a dire\u00e7\u00e3o da Escola Estadual Nossa Senhora do Perp\u00e9tuo Socorro e do Hospital Maria Auxiliadora.</span></p>\r\n<p class=\" \" style=\"text-align: justify; \"><span>Irm\u00e3 Adelis, especificamente na sa\u00fade, ficou muito conhecida e fez com que o hospital se tornasse refer\u00eancia no tratamento de Mal\u00e1ria na regi\u00e3o norte do Estado, em Vera n\u00e3o se contraia a doen\u00e7a, mas muitas pessoas vinham de Peixoto de Azevedo, Matup\u00e1, Alta Floresta e demais cidades do extremo norte para se tratar ali.</span></p>\r\n<p class=\" \" style=\"text-align: justify; \"><span>J\u00e1 o padre, era al\u00e9m de orientador da f\u00e9 cat\u00f3lica, tamb\u00e9m tido como autoridade na regi\u00e3o, pioneiros contam que era ele quem organizava tudo na cidade, inclusive recebia e fazia uma esp\u00e9cie de entrevista com as pessoas que chegavam \u00e0 Vera, questionando-as e depois mostrando como as coisas funcionavam.</span></p>\r\n<p class=\" \" style=\"text-align: justify; \"><span>Falecido em 14 de fevereiro de 1987, seu corpo foi e est\u00e1 sepultado em frente \u00e0 igreja que construiu e decorou com quadros e imagens de madeira esculpidas por suas pr\u00f3prias m\u00e3os. Por ser a primeira de toda regi\u00e3o, a CAPELA PADRE ANT\u00d4NIO, foi tombada como patrim\u00f4nio hist\u00f3rico e cultural de Mato Grosso, conforme a portaria 013/2013. Ela situa-se ao lado da igreja cat\u00f3lica, S\u00e3o Judas Tadeu.</span></p>\r\n<p class=\" \" style=\"text-align: justify; \"><span>O desenvolvimento econ\u00f4mico se deu com a mistura de v\u00e1rias culturas, pessoas das mais diversas descend\u00eancias como alem\u00e3es, portugueses, japoneses, italianos, austr\u00edacos, libaneses e outros tantos brasileiros fazem parte da cultura de Vera. Quando chegaram plantaram inicialmente Caf\u00e9, mas a crise cafeeira no Brasil fez com que outras cultivares fossem exploradas como: Abacaxi, Ab\u00f3bora, Algod\u00e3o, Arroz, Amendoim, Banana, Batata, Guaran\u00e1, Borracha, Cana-de-A\u00e7\u00facar, Coco da Bahia, Feij\u00e3o, Girassol, Laranja, Lim\u00e3o, Mam\u00e3o, Maracuj\u00e1, Mandioca, Melancia, Milho, Palmito, Pimenta do Reino, Sorgo, Tangerina e Tomate.</span></p>\r\n<p class=\" \" style=\"text-align: justify; \"><span>Contudo, como ainda n\u00e3o haviam informa\u00e7\u00f5es principalmente sobre o solo e suas necessidades, muitas pessoas desistiram da agricultura, algumas frustradas voltaram para seus Estados natal, mas outras migraram para a atividade de explora\u00e7\u00e3o vegetal, principalmente extra\u00e7\u00e3o de madeira, assim deu-se o crescimento da economia neste ramo, e, durante muitos anos esta foi a principal atividade. Que depois deu lugar priorit\u00e1rio para a agricultura.</span></p>\r\n<p class=\" \" style=\"text-align: justify; \"><span>A <strong>EMANCIPA\u00c7\u00c3O POL\u00cdTICO-ADMINISTRATIVA</strong> de Vera, ocorreu com a <strong>Lei Estadual n\u00ba 5.003 de 13 de maio de 1986</strong>, criada pelas bancadas do PDS e PMDB da Assembleia Legislativa, e posteriormente foi sancionada pelo ent\u00e3o governador J\u00falio Campos.</span></p>\r\n<p class=\" \" style=\"text-align: justify; \"><span>A <strong>primeira elei\u00e7\u00e3o na cidade ocorreu em 15 de novembro de 1986</strong>, quando um fato interessante e incomum aconteceu, pois, dois candidatos do mesmo partido disputaram a elei\u00e7\u00e3o. A coliga\u00e7\u00e3o \u00fanica era formada pelo Partido do Movimento Democr\u00e1tico Brasileiro (PMDB) e Partido Liberal (PL).</span></p>\r\n<p class=\" \" style=\"text-align: justify; \"><span>Na CHAPA \u201cA\u201d Jos\u00e9 de Lima Cavalcante para prefeito e Armando Zimmer vice, e, na CHAPA \u201cB\u201d, Luiz Fortunato Matias, prefeito e Nivaldo Anjos Lopes, vice.</span></p>\r\n<p class=\" \" style=\"text-align: justify; \"><span>O vencedor foi Jos\u00e9 de Lima com 1.138 votos contra 748 do advers\u00e1rio.</span></p>\r\n<p class=\" \" style=\"text-align: justify; \"><span>\u201cZ\u00e9 Barbudo\u201d, como tamb\u00e9m era conhecido Jos\u00e9 de Lima, governou a cidade por apenas dois anos (1987/1988), o chamado mandato tamp\u00e3o, pois quando houve a elei\u00e7\u00e3o os demais prefeitos j\u00e1 estavam governando h\u00e1 dois anos.</span></p>\r\n<p class=\" \" style=\"text-align: justify; \"><span>No dia 14 de janeiro de 1987 ocorreu a 1\u00aa Sess\u00e3o Ordin\u00e1ria da C\u00e2mara Municipal, quando foram eleitos sete vereadores, mas logo na pr\u00f3xima elei\u00e7\u00e3o j\u00e1 foram eleitos nove parlamentares e isso segue at\u00e9 os dias de hoje.<br />\u00a0\u00a0</span>\u00a0</p>\r\n<h3><strong><span>PREFEITOS DAS 11 GEST\u00d5ES DE VERA:</span></strong></h3>\r\n<p><br />1987/1988 - Prefeito - Jos\u00e9 de Lima Cavalcante \u201cZ\u00e9 Barbudo\u201d, e vice Armando Zimmer</p>\r\n<p class=\" \"><span>\u00a0\u00a0 \u00a0<img src=\"https://www.vera.mt.leg.br/imagens/copy_of_z1gesto.jpg/@@images/679fc105-d0a3-4216-869f-58a3397310d6.jpeg\" alt=\"\" class=\"image-inline\" title=\"\" />\u00a0 \u00a0<img src=\"https://www.vera.mt.leg.br/imagens/copy_of_armandozimmer.jpg/@@images/63cb6865-e8e0-4821-bf2d-03f6ea25ea43.jpeg\" alt=\"\" class=\"image-inline\" title=\"\" /></span></p>\r\n<p class=\" \">\u00a0</p>\r\n<p class=\" \"><span> 1989/1992 - Prefeito - Oraci Jo\u00e3o Bianchini Moro com o vice Manoel Messias Sales<br /><br /><img src=\"https://www.vera.mt.leg.br/imagens/oracimoro.jpg/@@images/18ce77af-9ba7-46bb-9695-67644bf765b6.jpeg\" alt=\"\" class=\"image-inline\" title=\"\" />\u00a0\u00a0<img src=\"https://www.vera.mt.leg.br/imagens/manoelmessiassales.jpg/@@images/3c82a7df-8a5a-4a03-ad02-782db8795187.jpeg\" alt=\"\" class=\"image-inline\" title=\"\" /></span></p>\r\n<p class=\" \"><span><br /></span></p>\r\n<p class=\" \">1993/1996 - Prefeito - Dorlei Rodrigues de Freitas com o vice Odemir Passador</p>\r\n<p class=\" \"><span><img src=\"https://www.vera.mt.leg.br/imagens/img972.jpg/@@images/bf083d01-27be-49c6-9df2-9de481e9044c.jpeg\" alt=\"\" class=\"image-inline\" title=\"\" /></span></p>\r\n<p class=\" \">\u00a0</p>\r\n<p class=\" \"><span>1997/2000 - Prefeito - Isani Luiza Konerat com o vice Oraci Jo\u00e3o Bianchini Moro<br />\u00a0\u00a0<img src=\"https://www.vera.mt.leg.br/imagens/isanieoraci.jpg/@@images/b21cb80b-2cf2-41ac-8370-d92329209600.jpeg\" alt=\"\" class=\"image-inline\" title=\"\" /><br /></span></p>\r\n<p class=\" \">\u00a0</p>\r\n<p class=\" \"><span> 2001/2004 - Prefeito - Isani Luiza Konerat com o vice, Ben\u00edcio Boeing<br /><img src=\"https://www.vera.mt.leg.br/imagens/img937.jpg/@@images/fd7dad31-5269-4df3-9625-a59b03397d70.jpeg\" alt=\"\" class=\"image-inline\" title=\"\" /><br /><br /> <br />2005/2008 - Prefeito - Jos\u00e9 Nilton dos Santos \u201cNiki\u201d com o vice, Paulo Sergio Ara\u00fajo<br /><img src=\"https://www.vera.mt.leg.br/imagens/Niki2.png/@@images/b757d2ea-1dd5-4dbb-b9fe-ee16c8f39e10.png\" alt=\"\" class=\"image-inline\" title=\"\" />\u00a0 \u00a0 \u00a0 \u00a0<img src=\"https://www.vera.mt.leg.br/imagens/copy_of_PauloSrgioArajo2.jpg/@@images/382cac41-26d6-46a1-9ba6-0ac4f04a3c8b.jpeg\" alt=\"\" class=\"image-inline\" title=\"\" /></span></p>\r\n<p class=\" \">\u00a0</p>\r\n<p class=\" \"><span> 2009/2012 - Prefeito - Moacir Giacomelli com o vice Manoel Divino Pereira Terto<br /></span><img src=\"https://www.vera.mt.leg.br/imagens/moacir.jpg/@@images/1b7e04b3-6564-4a98-b267-0f54de01c2e4.jpeg\" alt=\"\" class=\"image-inline\" title=\"\" />\u00a0\u00a0<img src=\"https://www.vera.mt.leg.br/imagens/manoel.jpg/@@images/edd1e4e0-0429-4069-856e-9bf01f8b7f24.jpeg\" alt=\"\" class=\"image-inline\" title=\"\" /></p>\r\n<p class=\" \">\u00a0</p>\r\n<p class=\" \"><span>2013/2016 - Prefeito - Nilso Jos\u00e9 V\u00edgolo com o vice Jos\u00e9 Nilton dos Santos \"Niki\".<br />\u00a0<br />\u00a0<img src=\"https://www.vera.mt.leg.br/imagens/copy_of_nilso2.jpg/@@images/04428b28-9e76-4f63-8451-8ae3a32d07db.jpeg\" alt=\"\" class=\"image-inline\" title=\"\" />\u00a0 \u00a0<img src=\"https://www.vera.mt.leg.br/imagens/niki2.jpg/@@images/4732f31a-95d5-4e1f-ba1d-e82dc9466219.jpeg\" alt=\"\" class=\"image-inline\" title=\"\" /></span></p>\r\n<p class=\" \">\u00a0</p>\r\n<p class=\" \"><span>2017/2020 - Prefeito - Moacir Giacomelli com o vice Marcelo Alves da Costa.<br /> 2021/2024 - Prefeito - Moacir Giacomelli com o vice Marcelo Alves da Costa.<br /><br /><img src=\"https://www.vera.mt.leg.br/imagens/moacir2.jpg/@@images/7df62826-0770-4a87-83d4-4f8928913490.jpeg\" alt=\"\" class=\"image-inline\" title=\"\" />\u00a0\u00a0<img src=\"https://www.vera.mt.leg.br/imagens/MarceloAlvesdaCosta.jpg/@@images/893961d4-e96a-430e-a5a4-c39462969a22.jpeg\" alt=\"\" class=\"image-inline\" title=\"\" /></span></p>\r\n<p class=\" \"><span><br /></span></p>\r\n<p class=\" \">2025/2028 - Prefeito - Yago Giacomelli com a vice\u00a0 Dra. Ana Piedade.</p>\r\n<p class=\" \"><span><img src=\"https://www.vera.mt.leg.br/imagens/SaveClip.App_471711087_2323469158027201_6233242046365947528_n.jpg/@@images/291db6ad-1479-4d23-a2eb-1bf8ecd61cfc.jpeg\" alt=\"\" class=\"image-inline\" title=\"\" /></span></p>\r\n<p class=\" \" style=\"text-align: justify; \">\u00a0</p>\r\n<h3><strong>VERA EM 2025</strong></h3>\r\n<p class=\" \" style=\"text-align: justify; \">A clareira aberta em meio a mata h\u00e1 53 anos\u00a0(27 de julho 1972), foi elevada \u00e0 categoria de distrito de Chapada dos Guimar\u00e3es, em 29 de junho de 1.976, pela Lei n\u00ba 3.755. Cerca de tr\u00eas anos depois, pela Lei n\u00ba 4.156 de 17 de dezembro de 1.979 tornou-se distrito de Sinop e em 13 de maio de 1.986, oficialmente munic\u00edpio.</p>\r\n<p class=\" \" style=\"text-align: justify; \">Atualmente (2025) com 39 anos de emancipa\u00e7\u00e3o pol\u00edtico administrativa, est\u00e1 amplamente interligada a todo pa\u00eds e ao mundo atrav\u00e9s dos diversos canais de informa\u00e7\u00e3o e tecnologia.</p>\r\n<p class=\" \" style=\"text-align: justify; \">H\u00e1 cerca de 460 km da capital Cuiab\u00e1, Vera foi colonizada na d\u00e9cada de 1970 com a vinda das primeiras pessoas pela estrada/rodovia MT-140, e hoje faz liga\u00e7\u00e3o com a<span>\u00a0cidade de Nova Ubirat\u00e3\u00a0 (90 km), e no outro lado com a cidade de Santa Carmem (40km), ambos trechos totalmente asfaltados.</span></p>\r\n<p class=\" \" style=\"text-align: justify; \"><span></span>Contudo, atualmente a principal via de sa\u00edda terrestre \u00e9 a rodovia estadual MT-225, pois d\u00e1 acesso \u00e0 BR-163 (30km), e, na outra extremidade, liga Vera \u00e0 cidade de Feliz Natal (50km).</p>\r\n<p class=\" \" style=\"text-align: justify; \">Com \u00c1rea territorial de 2.953,978 mil km\u00b2, Vera j\u00e1 foi maior, mas em 1.995 foi desmembrado de seu territ\u00f3rio o distrito de Feliz Natal, que hoje \u00e9 munic\u00edpio.</p>\r\n<h3><strong>Divisas:</strong></h3>\r\n<p class=\" \" style=\"text-align: justify; \">Sinop/MT (80 km) a noroeste, Santa Carmem/MT (40 km) ao norte, Nova Ubirat\u00e3/MT (90 km) ao Sul e a sudoeste Sorriso/MT (60 km). Dist\u00e2ncias referentes aos centros urbanos de cada cidade.<br /><br />Na <strong>Educa\u00e7\u00e3o P\u00fablica</strong> conta com escolas municipais desde os Centros Municipais\u00a0de Educa\u00e7\u00e3o Infantil (CEMEI), at\u00e9 o ensino fundamental. Al\u00e9m disso, uma escola estadual e outra escola particular.<br />No <strong>Ensino Superior</strong> recebe algumas unidades de estudo \u00e0 dist\u00e2ncia (EAD) e, ainda fornece h\u00e1 mais de 20 anos apoio financeiro para custear o transporte de acad\u00eamicos que estudam nas faculdades da cidade vizinha,\u00a0Sinop. <br />A <strong>Sa\u00fade P\u00fablica</strong> conta com uma unidade de Pronto Atendimento (P.A) em pleno funcionamento e outra unidade sendo constru\u00edda, al\u00e9m de duas Unidades B\u00e1sicas de Sa\u00fade (UBS),\u00a0no per\u00edmetro urbano al\u00e9m de posto de sa\u00fade rural localizado na comunidade do Assentamento Alto Celeste.<br /><strong>Economicamente</strong> o munic\u00edpio vive a ampla expans\u00e3o do setor agropecu\u00e1rio, pois com a escassez da madeira\u00a0a agricultura tomou espa\u00e7o, sendo hoje\u00a0junto com a pecu\u00e1ria, a principal base da economia do munic\u00edpio.</p>\r\n<p class=\" \" style=\"text-align: justify; \">O destaque \u00e9 o cultivo em larga escala da Soja, que segundo a Empresa Mato-grossense de Pesquisa e Extens\u00e3o Rural (EMPAER), tem plantio de mais de 161 mil hectares. O Milho por sua vez ocupa mais de 120 mil hectares. Na sequ\u00eancia vem o Feij\u00e3o com algo em torno de 7.600 mil hectares e o Arroz com 5 mil hectares.</p>\r\n<p class=\" \" style=\"text-align: justify; \">Ainda existem atividades como cria\u00e7\u00e3o de bovinos de corte, e a AGRICULTURA FAMILIAR, com produ\u00e7\u00e3o de gado leiteiro e derivados do leite; ovinos, su\u00ednos, galin\u00e1ceos e a produ\u00e7\u00e3o de hortali\u00e7as e frutas. Hoje a maior parte desses produtos vem dos assentamentos Jonas Pinheiro/Vera e California.</p>\r\n<p class=\" \" style=\"text-align: justify; \">\u00a0</p>\r\n<h3><strong>MAIS DADOS:</strong></h3>\r\n<p class=\" \" style=\"text-align: justify; \"><b>Popula\u00e7\u00e3o no \u00faltimo SENSO</b>: 12.800 mil\u00a0pessoas (IBGE 2022).<br /> <strong>\u00c1rea Territorial 2018:</strong>\u00a02.953,978 mil km2 (IBGE).<br /> <strong>Densidade demogr\u00e1fica 2010:</strong>\u00a03,45 hab/km2 (IBGE).<br /> <strong>Eleitores (2020):</strong>\u00a06.582 mil.<br /> <strong>Zona Eleitoral:</strong>\u00a0036 \u2013 Vera/MT<br />\u00a0</p>\r\n<h3><strong>Localiza\u00e7\u00e3o:</strong></h3>\r\n<p class=\" \">O Munic\u00edpio est\u00e1 localizado na Mesorregi\u00e3o: 127, Microrregi\u00e3o: 524 \u2013 Sinop \u2013 Norte Mato-grossense.</p>\r\n<p>\u00a0</p>\r\n<p class=\" \" style=\"text-align: justify; \"><strong>Coordenadas Geogr\u00e1ficas:</strong><br /> Latitude: 12\u00ba17\u201907\u201d Sul, Longitude: 55\u00ba 17\u201947\u201d Oeste Gr.</p>\r\n<p class=\" \" style=\"text-align: justify; \"><strong>Clima Predominante:</strong>\u00a0Equatorial quente e \u00famido.<br /> <strong>Per\u00edodo de Seca:</strong>\u00a0De maio a outubro<br /> <strong>Per\u00edodo de chuva:</strong>\u00a0Precipita\u00e7\u00e3o anual de 2.250mm, com intensidade m\u00e1xima de novembro a abril.<br /> <strong>Aeroportos mais pr\u00f3ximos:</strong>\u00a0Sorriso/MT h\u00e1 cerca de 50 km e Sinop/MT cerca de 85 km.</p>\r\n<p class=\" \" style=\"text-align: center; \">\u00a0</p>\r\n<h3 style=\"text-align: center; \"><strong>FONTES:</strong></h3>\r\n<p class=\" \" style=\"text-align: center; \"><strong><a href=\"https://cidades.ibge.gov.br/brasil/mt/vera/panorama\">Instituto Brasileiro de Geografia e Estat\u00edstica \u2013 IBGE.<br /></a></strong><strong><a class=\"external-link\" href=\"http://www.secom.mt.gov.br\" target=\"_self\" title=\"\">Governo do Estado de Mato Grosso<br /></a></strong><strong><a class=\"external-link\" href=\"http://gruposinop.com.br/\" target=\"_self\" title=\"\">Colonizadora Sinop<br /></a></strong><strong><a class=\"external-link\" href=\"http://vera.mt.gov.br\" target=\"_self\" title=\"\">Prefeitura Municipal<br /></a></strong><strong><a class=\"external-link\" href=\"http://vera.mt.LEG.br\" target=\"_self\" title=\"\">C\u00e2mara Municipal de Vera<br /></a></strong>Livro, \u201cVera a Princesinha do Nort\u00e3o\u201d. Ano 2000. De Alexandre Panosso Netto.<strong><br /><br /></strong></p>\r\n<p align=\"center\" class=\" \" style=\"text-align: left; \"><strong><em><strong>Texto</strong>: </em></strong><em>Elizeu Teixeira \u2013 Assessoria de Comunica\u00e7\u00e3o da C\u00e2mara Municipal de Vera \u2013 Mato Gros</em>so.</p>", "author_name": "", "version": "1.0", "author_url": "https://www.vera.mt.leg.br/author/elizeumaster", "provider_name": "C\u00c2MARA MUNICIPAL DE VERA", "type": "rich"}